{"id":21420,"date":"2026-04-16T12:22:33","date_gmt":"2026-04-16T12:22:33","guid":{"rendered":"https:\/\/www.fondazioneterzopilastrointernazionale.it\/?p=21420"},"modified":"2026-04-16T12:22:34","modified_gmt":"2026-04-16T12:22:34","slug":"addio-al-prof-emmanuele-f-m-emanuele-scompare-una-figura-monumentale-della-filantropia-e-della-cultura-italiane","status":"publish","type":"post","link":"https:\/\/www.fondazioneterzopilastrointernazionale.it\/en\/2026\/04\/16\/addio-al-prof-emmanuele-f-m-emanuele-scompare-una-figura-monumentale-della-filantropia-e-della-cultura-italiane\/","title":{"rendered":"Addio al Prof. Emmanuele F.M. Emanuele: scompare una figura monumentale della filantropia e della cultura italiane"},"content":{"rendered":"<p>Roma, 16 aprile 2026 \u2013 Si \u00e8 spento nella notte a Roma il Prof. Avv. Emmanuele F. M. Emanuele, filantropo e mecenate, figura di eccezionale rilievo nel panorama accademico, economico e civile del nostro Paese.<br>Illustre giurista, economista, accademico e raffinato umanista, il Prof. Emanuele lascia un\u2019eredit\u00e0 morale e intellettuale che ha segnato profondamente la storia recente del nostro Paese.<br>Nato a Palermo nel 1937, discendente da una delle pi\u00f9 antiche e illustri famiglie reali cristiano-cattoliche della Spagna, il Prof. Emanuele ha percorso una carriera di altissimo profilo come Avvocato Cassazionista, economista ed esperto di Scienza delle Finanze, distinguendosi per la profonda e vasta competenza in materia giuridica, finanziaria, tributaria e assicurativa.<br>Docente nelle pi\u00f9 prestigiose Universit\u00e0 italiane ed europee, ha guidato con lungimiranza grandi gruppi industriali e bancari internazionali, coniugando sempre il rigore della tecnica con una visione etica dello sviluppo economico.<\/p>\n\n\n\n<p><br>Il valore del suo operato \u00e8 testimoniato da innumerevoli prestigiosi riconoscimenti, tra cui<br>le Lauree Honoris Causa in Belle Arti, Diritto Canonico, Humane Letters e Medicina, e<br>le cittadinanze onorarie conferitegli da citt\u00e0 italiane (Latina, Pescina, Enna, Sutri, Ariano Irpino) e internazionali (Dujiangyan, Cina). Gi\u00e0 Ambasciatore di Palermo CulturE nel mondo e Ambasciatore internazionale della Citt\u00e0 di Agrigento, appena un mese fa \u00e8 stato insignito del Premio \u201cOrizzonti Condivisi \u2013 Ambasciatore di Pace\u201d, per aver elevato cultura, sanit\u00e0 e istruzione a strumenti universali di coesione civile e dialogo.<br><\/p>\n\n\n\n<p>Il tratto distintivo della sua missione, specialmente nella seconda parte della sua vita professionale, \u00e8 stato l&#8217;instancabile impegno nel campo del sociale e della solidariet\u00e0, con particolare riguardo ai settori della salute, della ricerca scientifica, dell\u2019aiuto ai meno fortunati, dell\u2019istruzione e formazione.<br>Una dedizione che ha trovato la sua massima espressione istituzionale alla guida di grandi Fondazioni: \u00e8 stato infatti Presidente della Fondazione Roma dal 1995 al 2018, assumendone successivamente la carica di Presidente Onorario fino al 2023. Parallelamente, ha guidato fino al 2023 la Fondazione Terzo Pilastro &#8211; Internazionale, nata dalla sua incrollabile convinzione che<br>dal Mare Nostrum abbia avuto origine tutto ci\u00f2 che definisce la civilt\u00e0 occidentale: la poesia, la letteratura, l\u2019arte, le religioni monoteistiche, l\u2019istruzione, la filosofia e la democrazia.<br>Attraverso la Fondazione Terzo Pilastro, che continua ad operare nella direzione da lui tracciata, il Prof. Emanuele ha voluto dare voce e sostegno alle massime urgenze di natura civile e sociale non soltanto entro i confini nazionali, ma anche nell\u2019ambito dei Paesi limitrofi, vicini per tradizioni e cultura, che si affacciano sul Mediterraneo.<br>Convinto sostenitore di un \u201ccapitalismo del bene\u201d, ha operato con lungimiranza nel settore umanitario, garantendo sostegno vitale alle principali strutture sanitarie italiane ed estere e<br>promuovendo la ricerca scientifica sulle patologie pi\u00f9 gravi e diffuse. Esempi tangibili di questa visione sono stati, a Roma, la creazione dell\u2019Hospice per le cure palliative, volto ad assistere gratuitamente i malati terminali nell\u2019ultima fase della vita, e l\u2019ideazione del Villaggio Alzheimer alla Bufalotta, un modello di accoglienza parimenti gratuito e all&#8217;avanguardia per i pazienti affetti da questa patologia.<br>Il suo sguardo \u00e8 sempre stato rivolto al futuro: attraverso borse di studio e programmi formativi d&#8217;eccellenza, ha permesso a innumerevoli giovani meritevoli di accedere ai pi\u00f9 alti gradi dell\u2019istruzione universitaria e post-universitaria, investendo sul talento delle nuove generazioni come motore di riscatto e sviluppo sociale.<br><\/p>\n\n\n\n<p>Sotto la sua guida illuminata, inoltre, la cultura \u00e8 tornata a essere motore di coesione sociale. Grazie alla sua instancabile attivit\u00e0, spazi storici di immenso valore come Palazzo Sciarra e Palazzo Cipolla a Roma sono stati trasformati in poli espositivi di respiro internazionale. La cura della Collezione permanente e dell\u2019Archivio storico della Fondazione Roma, il suo costante e appassionato impegno a favore delle arti visive, della musica e della poesia, nonch\u00e9 la realizzazione di mostre di alto rigore scientifico restano oggi come testimonianza della sua ferma convinzione che la bellezza debba essere accessibile a tutti e che la cultura sia il principale strumento per abbattere le barriere sociali e, in prospettiva, anche quelle etniche e religiose.<\/p>\n\n\n\n<p><br>Erede di una tradizione familiare di antica distinzione, il Prof. Emanuele ha saputo tradurre il senso del dovere in un servizio civile continuo a favore della collettivit\u00e0. Saggista, editorialista e fine poeta, pluripremiato per le sue raccolte di versi, la sua scomparsa priva il Paese di un autentico umanista contemporaneo, capace di guardare alle sfide della modernit\u00e0 con la saggezza della storia.<\/p>\n\n\n\n<p><br>Le istituzioni e la comunit\u00e0 scientifica e culturale si stringono nel ricordo di un uomo che ha dedicato ogni energia alla crescita etica, civile e culturale dell\u2019Italia.<\/p>","protected":false},"excerpt":{"rendered":"<p>Roma, 16 aprile 2026 \u2013 Si \u00e8 spento nella notte a Roma il Prof. Avv. Emmanuele F. M. Emanuele, filantropo e mecenate, figura di eccezionale rilievo nel panorama accademico, economico e civile del nostro Paese.Illustre giurista, economista, accademico e raffinato umanista, il Prof. Emanuele lascia un\u2019eredit\u00e0 morale e intellettuale che ha segnato profondamente la storia&#8230;<\/p>","protected":false},"author":1,"featured_media":21421,"comment_status":"closed","ping_status":"closed","sticky":false,"template":"","format":"standard","meta":{"footnotes":""},"categories":[6],"tags":[],"class_list":["post-21420","post","type-post","status-publish","format-standard","has-post-thumbnail","hentry","category-notizie"],"yoast_head":"<!-- This site is optimized with the Yoast SEO plugin v27.7 - https:\/\/yoast.com\/product\/yoast-seo-wordpress\/ -->\n<title>Addio al Prof. Emmanuele F.M. Emanuele: scompare una figura monumentale della filantropia e della cultura italiane - Fondazione Terzo Pilastro Internazionale<\/title>\n<meta name=\"robots\" content=\"index, follow, max-snippet:-1, max-image-preview:large, max-video-preview:-1\" \/>\n<link rel=\"canonical\" href=\"https:\/\/www.fondazioneterzopilastrointernazionale.it\/en\/2026\/04\/16\/addio-al-prof-emmanuele-f-m-emanuele-scompare-una-figura-monumentale-della-filantropia-e-della-cultura-italiane\/\" \/>\n<meta property=\"og:locale\" content=\"en_GB\" \/>\n<meta property=\"og:type\" content=\"article\" \/>\n<meta property=\"og:title\" content=\"Addio al Prof. Emmanuele F.M. Emanuele: scompare una figura monumentale della filantropia e della cultura italiane - Fondazione Terzo Pilastro Internazionale\" \/>\n<meta property=\"og:description\" content=\"Roma, 16 aprile 2026 \u2013 Si \u00e8 spento nella notte a Roma il Prof. Avv. Emmanuele F. M. Emanuele, filantropo e mecenate, figura di eccezionale rilievo nel panorama accademico, economico e civile del nostro Paese.Illustre giurista, economista, accademico e raffinato umanista, il Prof. Emanuele lascia un\u2019eredit\u00e0 morale e intellettuale che ha segnato profondamente la storia...\" \/>\n<meta property=\"og:url\" content=\"https:\/\/www.fondazioneterzopilastrointernazionale.it\/en\/2026\/04\/16\/addio-al-prof-emmanuele-f-m-emanuele-scompare-una-figura-monumentale-della-filantropia-e-della-cultura-italiane\/\" \/>\n<meta property=\"og:site_name\" content=\"Fondazione Terzo Pilastro Internazionale\" \/>\n<meta property=\"article:published_time\" content=\"2026-04-16T12:22:33+00:00\" \/>\n<meta property=\"article:modified_time\" content=\"2026-04-16T12:22:34+00:00\" \/>\n<meta property=\"og:image\" content=\"http:\/\/www.fondazioneterzopilastrointernazionale.it\/wp-content\/uploads\/2026\/04\/WhatsApp-Image-2026-04-16-at-12.20.47.jpeg\" \/>\n\t<meta property=\"og:image:width\" content=\"530\" \/>\n\t<meta property=\"og:image:height\" content=\"800\" \/>\n\t<meta property=\"og:image:type\" content=\"image\/jpeg\" \/>\n<meta name=\"author\" content=\"admin\" \/>\n<meta name=\"twitter:card\" content=\"summary_large_image\" \/>\n<meta name=\"twitter:label1\" content=\"Written by\" \/>\n\t<meta name=\"twitter:data1\" content=\"admin\" \/>\n\t<meta name=\"twitter:label2\" content=\"Estimated reading time\" \/>\n\t<meta name=\"twitter:data2\" content=\"4 minutes\" \/>\n<script type=\"application\/ld+json\" class=\"yoast-schema-graph\">{\"@context\":\"https:\\\/\\\/schema.org\",\"@graph\":[{\"@type\":\"Article\",\"@id\":\"https:\\\/\\\/www.fondazioneterzopilastrointernazionale.it\\\/2026\\\/04\\\/16\\\/addio-al-prof-emmanuele-f-m-emanuele-scompare-una-figura-monumentale-della-filantropia-e-della-cultura-italiane\\\/#article\",\"isPartOf\":{\"@id\":\"https:\\\/\\\/www.fondazioneterzopilastrointernazionale.it\\\/2026\\\/04\\\/16\\\/addio-al-prof-emmanuele-f-m-emanuele-scompare-una-figura-monumentale-della-filantropia-e-della-cultura-italiane\\\/\"},\"author\":{\"name\":\"admin\",\"@id\":\"https:\\\/\\\/www.fondazioneterzopilastrointernazionale.it\\\/#\\\/schema\\\/person\\\/dd47e461f11bbd1b44e9f61db552e3fb\"},\"headline\":\"Addio al Prof. Emmanuele F.M. Emanuele: scompare una figura monumentale della filantropia e della cultura italiane\",\"datePublished\":\"2026-04-16T12:22:33+00:00\",\"dateModified\":\"2026-04-16T12:22:34+00:00\",\"mainEntityOfPage\":{\"@id\":\"https:\\\/\\\/www.fondazioneterzopilastrointernazionale.it\\\/2026\\\/04\\\/16\\\/addio-al-prof-emmanuele-f-m-emanuele-scompare-una-figura-monumentale-della-filantropia-e-della-cultura-italiane\\\/\"},\"wordCount\":754,\"image\":{\"@id\":\"https:\\\/\\\/www.fondazioneterzopilastrointernazionale.it\\\/2026\\\/04\\\/16\\\/addio-al-prof-emmanuele-f-m-emanuele-scompare-una-figura-monumentale-della-filantropia-e-della-cultura-italiane\\\/#primaryimage\"},\"thumbnailUrl\":\"https:\\\/\\\/www.fondazioneterzopilastrointernazionale.it\\\/wp-content\\\/uploads\\\/2026\\\/04\\\/WhatsApp-Image-2026-04-16-at-12.20.47.jpeg\",\"articleSection\":[\"Notizie\"],\"inLanguage\":\"en-GB\"},{\"@type\":\"WebPage\",\"@id\":\"https:\\\/\\\/www.fondazioneterzopilastrointernazionale.it\\\/2026\\\/04\\\/16\\\/addio-al-prof-emmanuele-f-m-emanuele-scompare-una-figura-monumentale-della-filantropia-e-della-cultura-italiane\\\/\",\"url\":\"https:\\\/\\\/www.fondazioneterzopilastrointernazionale.it\\\/2026\\\/04\\\/16\\\/addio-al-prof-emmanuele-f-m-emanuele-scompare-una-figura-monumentale-della-filantropia-e-della-cultura-italiane\\\/\",\"name\":\"Addio al Prof. Emmanuele F.M. Emanuele: scompare una figura monumentale della filantropia e della cultura italiane - Fondazione Terzo Pilastro Internazionale\",\"isPartOf\":{\"@id\":\"https:\\\/\\\/www.fondazioneterzopilastrointernazionale.it\\\/#website\"},\"primaryImageOfPage\":{\"@id\":\"https:\\\/\\\/www.fondazioneterzopilastrointernazionale.it\\\/2026\\\/04\\\/16\\\/addio-al-prof-emmanuele-f-m-emanuele-scompare-una-figura-monumentale-della-filantropia-e-della-cultura-italiane\\\/#primaryimage\"},\"image\":{\"@id\":\"https:\\\/\\\/www.fondazioneterzopilastrointernazionale.it\\\/2026\\\/04\\\/16\\\/addio-al-prof-emmanuele-f-m-emanuele-scompare-una-figura-monumentale-della-filantropia-e-della-cultura-italiane\\\/#primaryimage\"},\"thumbnailUrl\":\"https:\\\/\\\/www.fondazioneterzopilastrointernazionale.it\\\/wp-content\\\/uploads\\\/2026\\\/04\\\/WhatsApp-Image-2026-04-16-at-12.20.47.jpeg\",\"datePublished\":\"2026-04-16T12:22:33+00:00\",\"dateModified\":\"2026-04-16T12:22:34+00:00\",\"author\":{\"@id\":\"https:\\\/\\\/www.fondazioneterzopilastrointernazionale.it\\\/#\\\/schema\\\/person\\\/dd47e461f11bbd1b44e9f61db552e3fb\"},\"breadcrumb\":{\"@id\":\"https:\\\/\\\/www.fondazioneterzopilastrointernazionale.it\\\/2026\\\/04\\\/16\\\/addio-al-prof-emmanuele-f-m-emanuele-scompare-una-figura-monumentale-della-filantropia-e-della-cultura-italiane\\\/#breadcrumb\"},\"inLanguage\":\"en-GB\",\"potentialAction\":[{\"@type\":\"ReadAction\",\"target\":[\"https:\\\/\\\/www.fondazioneterzopilastrointernazionale.it\\\/2026\\\/04\\\/16\\\/addio-al-prof-emmanuele-f-m-emanuele-scompare-una-figura-monumentale-della-filantropia-e-della-cultura-italiane\\\/\"]}]},{\"@type\":\"ImageObject\",\"inLanguage\":\"en-GB\",\"@id\":\"https:\\\/\\\/www.fondazioneterzopilastrointernazionale.it\\\/2026\\\/04\\\/16\\\/addio-al-prof-emmanuele-f-m-emanuele-scompare-una-figura-monumentale-della-filantropia-e-della-cultura-italiane\\\/#primaryimage\",\"url\":\"https:\\\/\\\/www.fondazioneterzopilastrointernazionale.it\\\/wp-content\\\/uploads\\\/2026\\\/04\\\/WhatsApp-Image-2026-04-16-at-12.20.47.jpeg\",\"contentUrl\":\"https:\\\/\\\/www.fondazioneterzopilastrointernazionale.it\\\/wp-content\\\/uploads\\\/2026\\\/04\\\/WhatsApp-Image-2026-04-16-at-12.20.47.jpeg\",\"width\":530,\"height\":800},{\"@type\":\"BreadcrumbList\",\"@id\":\"https:\\\/\\\/www.fondazioneterzopilastrointernazionale.it\\\/2026\\\/04\\\/16\\\/addio-al-prof-emmanuele-f-m-emanuele-scompare-una-figura-monumentale-della-filantropia-e-della-cultura-italiane\\\/#breadcrumb\",\"itemListElement\":[{\"@type\":\"ListItem\",\"position\":1,\"name\":\"Home\",\"item\":\"https:\\\/\\\/www.fondazioneterzopilastrointernazionale.it\\\/\"},{\"@type\":\"ListItem\",\"position\":2,\"name\":\"Addio al Prof. Emmanuele F.M. Emanuele: scompare una figura monumentale della filantropia e della cultura italiane\"}]},{\"@type\":\"WebSite\",\"@id\":\"https:\\\/\\\/www.fondazioneterzopilastrointernazionale.it\\\/#website\",\"url\":\"https:\\\/\\\/www.fondazioneterzopilastrointernazionale.it\\\/\",\"name\":\"Fondazione Terzo Pilastro Internazionale\",\"description\":\"Fondazione Terzo Pilastro Internazionale\",\"potentialAction\":[{\"@type\":\"SearchAction\",\"target\":{\"@type\":\"EntryPoint\",\"urlTemplate\":\"https:\\\/\\\/www.fondazioneterzopilastrointernazionale.it\\\/?s={search_term_string}\"},\"query-input\":{\"@type\":\"PropertyValueSpecification\",\"valueRequired\":true,\"valueName\":\"search_term_string\"}}],\"inLanguage\":\"en-GB\"},{\"@type\":\"Person\",\"@id\":\"https:\\\/\\\/www.fondazioneterzopilastrointernazionale.it\\\/#\\\/schema\\\/person\\\/dd47e461f11bbd1b44e9f61db552e3fb\",\"name\":\"admin\",\"image\":{\"@type\":\"ImageObject\",\"inLanguage\":\"en-GB\",\"@id\":\"https:\\\/\\\/secure.gravatar.com\\\/avatar\\\/8d8385fa0eb41c29d0237fc6b447c50d8500a51d9982e9c8b6e3821b992bbcca?s=96&d=mm&r=g\",\"url\":\"https:\\\/\\\/secure.gravatar.com\\\/avatar\\\/8d8385fa0eb41c29d0237fc6b447c50d8500a51d9982e9c8b6e3821b992bbcca?s=96&d=mm&r=g\",\"contentUrl\":\"https:\\\/\\\/secure.gravatar.com\\\/avatar\\\/8d8385fa0eb41c29d0237fc6b447c50d8500a51d9982e9c8b6e3821b992bbcca?s=96&d=mm&r=g\",\"caption\":\"admin\"},\"url\":\"https:\\\/\\\/www.fondazioneterzopilastrointernazionale.it\\\/en\\\/author\\\/admin\\\/\"}]}<\/script>\n<!-- \/ Yoast SEO plugin. -->","yoast_head_json":{"title":"Addio al Prof. Emmanuele F.M. Emanuele: scompare una figura monumentale della filantropia e della cultura italiane - Fondazione Terzo Pilastro Internazionale","robots":{"index":"index","follow":"follow","max-snippet":"max-snippet:-1","max-image-preview":"max-image-preview:large","max-video-preview":"max-video-preview:-1"},"canonical":"https:\/\/www.fondazioneterzopilastrointernazionale.it\/en\/2026\/04\/16\/addio-al-prof-emmanuele-f-m-emanuele-scompare-una-figura-monumentale-della-filantropia-e-della-cultura-italiane\/","og_locale":"en_GB","og_type":"article","og_title":"Addio al Prof. Emmanuele F.M. Emanuele: scompare una figura monumentale della filantropia e della cultura italiane - Fondazione Terzo Pilastro Internazionale","og_description":"Roma, 16 aprile 2026 \u2013 Si \u00e8 spento nella notte a Roma il Prof. Avv. Emmanuele F. M. Emanuele, filantropo e mecenate, figura di eccezionale rilievo nel panorama accademico, economico e civile del nostro Paese.Illustre giurista, economista, accademico e raffinato umanista, il Prof. Emanuele lascia un\u2019eredit\u00e0 morale e intellettuale che ha segnato profondamente la storia...","og_url":"https:\/\/www.fondazioneterzopilastrointernazionale.it\/en\/2026\/04\/16\/addio-al-prof-emmanuele-f-m-emanuele-scompare-una-figura-monumentale-della-filantropia-e-della-cultura-italiane\/","og_site_name":"Fondazione Terzo Pilastro Internazionale","article_published_time":"2026-04-16T12:22:33+00:00","article_modified_time":"2026-04-16T12:22:34+00:00","og_image":[{"width":530,"height":800,"url":"http:\/\/www.fondazioneterzopilastrointernazionale.it\/wp-content\/uploads\/2026\/04\/WhatsApp-Image-2026-04-16-at-12.20.47.jpeg","type":"image\/jpeg"}],"author":"admin","twitter_card":"summary_large_image","twitter_misc":{"Written by":"admin","Estimated reading time":"4 minutes"},"schema":{"@context":"https:\/\/schema.org","@graph":[{"@type":"Article","@id":"https:\/\/www.fondazioneterzopilastrointernazionale.it\/2026\/04\/16\/addio-al-prof-emmanuele-f-m-emanuele-scompare-una-figura-monumentale-della-filantropia-e-della-cultura-italiane\/#article","isPartOf":{"@id":"https:\/\/www.fondazioneterzopilastrointernazionale.it\/2026\/04\/16\/addio-al-prof-emmanuele-f-m-emanuele-scompare-una-figura-monumentale-della-filantropia-e-della-cultura-italiane\/"},"author":{"name":"admin","@id":"https:\/\/www.fondazioneterzopilastrointernazionale.it\/#\/schema\/person\/dd47e461f11bbd1b44e9f61db552e3fb"},"headline":"Addio al Prof. Emmanuele F.M. Emanuele: scompare una figura monumentale della filantropia e della cultura italiane","datePublished":"2026-04-16T12:22:33+00:00","dateModified":"2026-04-16T12:22:34+00:00","mainEntityOfPage":{"@id":"https:\/\/www.fondazioneterzopilastrointernazionale.it\/2026\/04\/16\/addio-al-prof-emmanuele-f-m-emanuele-scompare-una-figura-monumentale-della-filantropia-e-della-cultura-italiane\/"},"wordCount":754,"image":{"@id":"https:\/\/www.fondazioneterzopilastrointernazionale.it\/2026\/04\/16\/addio-al-prof-emmanuele-f-m-emanuele-scompare-una-figura-monumentale-della-filantropia-e-della-cultura-italiane\/#primaryimage"},"thumbnailUrl":"https:\/\/www.fondazioneterzopilastrointernazionale.it\/wp-content\/uploads\/2026\/04\/WhatsApp-Image-2026-04-16-at-12.20.47.jpeg","articleSection":["Notizie"],"inLanguage":"en-GB"},{"@type":"WebPage","@id":"https:\/\/www.fondazioneterzopilastrointernazionale.it\/2026\/04\/16\/addio-al-prof-emmanuele-f-m-emanuele-scompare-una-figura-monumentale-della-filantropia-e-della-cultura-italiane\/","url":"https:\/\/www.fondazioneterzopilastrointernazionale.it\/2026\/04\/16\/addio-al-prof-emmanuele-f-m-emanuele-scompare-una-figura-monumentale-della-filantropia-e-della-cultura-italiane\/","name":"Addio al Prof. Emmanuele F.M. Emanuele: scompare una figura monumentale della filantropia e della cultura italiane - Fondazione Terzo Pilastro Internazionale","isPartOf":{"@id":"https:\/\/www.fondazioneterzopilastrointernazionale.it\/#website"},"primaryImageOfPage":{"@id":"https:\/\/www.fondazioneterzopilastrointernazionale.it\/2026\/04\/16\/addio-al-prof-emmanuele-f-m-emanuele-scompare-una-figura-monumentale-della-filantropia-e-della-cultura-italiane\/#primaryimage"},"image":{"@id":"https:\/\/www.fondazioneterzopilastrointernazionale.it\/2026\/04\/16\/addio-al-prof-emmanuele-f-m-emanuele-scompare-una-figura-monumentale-della-filantropia-e-della-cultura-italiane\/#primaryimage"},"thumbnailUrl":"https:\/\/www.fondazioneterzopilastrointernazionale.it\/wp-content\/uploads\/2026\/04\/WhatsApp-Image-2026-04-16-at-12.20.47.jpeg","datePublished":"2026-04-16T12:22:33+00:00","dateModified":"2026-04-16T12:22:34+00:00","author":{"@id":"https:\/\/www.fondazioneterzopilastrointernazionale.it\/#\/schema\/person\/dd47e461f11bbd1b44e9f61db552e3fb"},"breadcrumb":{"@id":"https:\/\/www.fondazioneterzopilastrointernazionale.it\/2026\/04\/16\/addio-al-prof-emmanuele-f-m-emanuele-scompare-una-figura-monumentale-della-filantropia-e-della-cultura-italiane\/#breadcrumb"},"inLanguage":"en-GB","potentialAction":[{"@type":"ReadAction","target":["https:\/\/www.fondazioneterzopilastrointernazionale.it\/2026\/04\/16\/addio-al-prof-emmanuele-f-m-emanuele-scompare-una-figura-monumentale-della-filantropia-e-della-cultura-italiane\/"]}]},{"@type":"ImageObject","inLanguage":"en-GB","@id":"https:\/\/www.fondazioneterzopilastrointernazionale.it\/2026\/04\/16\/addio-al-prof-emmanuele-f-m-emanuele-scompare-una-figura-monumentale-della-filantropia-e-della-cultura-italiane\/#primaryimage","url":"https:\/\/www.fondazioneterzopilastrointernazionale.it\/wp-content\/uploads\/2026\/04\/WhatsApp-Image-2026-04-16-at-12.20.47.jpeg","contentUrl":"https:\/\/www.fondazioneterzopilastrointernazionale.it\/wp-content\/uploads\/2026\/04\/WhatsApp-Image-2026-04-16-at-12.20.47.jpeg","width":530,"height":800},{"@type":"BreadcrumbList","@id":"https:\/\/www.fondazioneterzopilastrointernazionale.it\/2026\/04\/16\/addio-al-prof-emmanuele-f-m-emanuele-scompare-una-figura-monumentale-della-filantropia-e-della-cultura-italiane\/#breadcrumb","itemListElement":[{"@type":"ListItem","position":1,"name":"Home","item":"https:\/\/www.fondazioneterzopilastrointernazionale.it\/"},{"@type":"ListItem","position":2,"name":"Addio al Prof. Emmanuele F.M. Emanuele: scompare una figura monumentale della filantropia e della cultura italiane"}]},{"@type":"WebSite","@id":"https:\/\/www.fondazioneterzopilastrointernazionale.it\/#website","url":"https:\/\/www.fondazioneterzopilastrointernazionale.it\/","name":"Fondazione Terzo Pilastro Internazionale","description":"Fondazione Terzo Pilastro Internazionale","potentialAction":[{"@type":"SearchAction","target":{"@type":"EntryPoint","urlTemplate":"https:\/\/www.fondazioneterzopilastrointernazionale.it\/?s={search_term_string}"},"query-input":{"@type":"PropertyValueSpecification","valueRequired":true,"valueName":"search_term_string"}}],"inLanguage":"en-GB"},{"@type":"Person","@id":"https:\/\/www.fondazioneterzopilastrointernazionale.it\/#\/schema\/person\/dd47e461f11bbd1b44e9f61db552e3fb","name":"admin","image":{"@type":"ImageObject","inLanguage":"en-GB","@id":"https:\/\/secure.gravatar.com\/avatar\/8d8385fa0eb41c29d0237fc6b447c50d8500a51d9982e9c8b6e3821b992bbcca?s=96&d=mm&r=g","url":"https:\/\/secure.gravatar.com\/avatar\/8d8385fa0eb41c29d0237fc6b447c50d8500a51d9982e9c8b6e3821b992bbcca?s=96&d=mm&r=g","contentUrl":"https:\/\/secure.gravatar.com\/avatar\/8d8385fa0eb41c29d0237fc6b447c50d8500a51d9982e9c8b6e3821b992bbcca?s=96&d=mm&r=g","caption":"admin"},"url":"https:\/\/www.fondazioneterzopilastrointernazionale.it\/en\/author\/admin\/"}]}},"_links":{"self":[{"href":"https:\/\/www.fondazioneterzopilastrointernazionale.it\/en\/wp-json\/wp\/v2\/posts\/21420","targetHints":{"allow":["GET"]}}],"collection":[{"href":"https:\/\/www.fondazioneterzopilastrointernazionale.it\/en\/wp-json\/wp\/v2\/posts"}],"about":[{"href":"https:\/\/www.fondazioneterzopilastrointernazionale.it\/en\/wp-json\/wp\/v2\/types\/post"}],"author":[{"embeddable":true,"href":"https:\/\/www.fondazioneterzopilastrointernazionale.it\/en\/wp-json\/wp\/v2\/users\/1"}],"replies":[{"embeddable":true,"href":"https:\/\/www.fondazioneterzopilastrointernazionale.it\/en\/wp-json\/wp\/v2\/comments?post=21420"}],"version-history":[{"count":1,"href":"https:\/\/www.fondazioneterzopilastrointernazionale.it\/en\/wp-json\/wp\/v2\/posts\/21420\/revisions"}],"predecessor-version":[{"id":21422,"href":"https:\/\/www.fondazioneterzopilastrointernazionale.it\/en\/wp-json\/wp\/v2\/posts\/21420\/revisions\/21422"}],"wp:featuredmedia":[{"embeddable":true,"href":"https:\/\/www.fondazioneterzopilastrointernazionale.it\/en\/wp-json\/wp\/v2\/media\/21421"}],"wp:attachment":[{"href":"https:\/\/www.fondazioneterzopilastrointernazionale.it\/en\/wp-json\/wp\/v2\/media?parent=21420"}],"wp:term":[{"taxonomy":"category","embeddable":true,"href":"https:\/\/www.fondazioneterzopilastrointernazionale.it\/en\/wp-json\/wp\/v2\/categories?post=21420"},{"taxonomy":"post_tag","embeddable":true,"href":"https:\/\/www.fondazioneterzopilastrointernazionale.it\/en\/wp-json\/wp\/v2\/tags?post=21420"}],"curies":[{"name":"wp","href":"https:\/\/api.w.org\/{rel}","templated":true}]}}