{"id":16914,"date":"2020-02-18T13:26:33","date_gmt":"2020-02-18T13:26:33","guid":{"rendered":"https:\/\/dev.fondazioneterzopilastrointernazionale.it\/?p=16914"},"modified":"2021-02-18T13:30:28","modified_gmt":"2021-02-18T13:30:28","slug":"i-giovani-nellera-digitale-alluniversita-europea-di-roma","status":"publish","type":"post","link":"https:\/\/www.fondazioneterzopilastrointernazionale.it\/en\/2020\/02\/18\/i-giovani-nellera-digitale-alluniversita-europea-di-roma\/","title":{"rendered":"\u201cI giovani nell\u2019era digitale\u201d all\u2019Universit\u00e0 Europea di Roma"},"content":{"rendered":"\r\n<p>Alla Cerimonia di inaugurazione dell\u2019anno accademico 2019 \u2013 2020 dell\u2019universit\u00e0 Europea di Roma, che ha avuto luogo il 20 febbraio scorso e che aveva per tema \u201cI Giovani nell\u2019Era Digitale\u201d, sono intervenuti come relatori Il Magnifico Rettore Prof. Padre Pedro Barraj\u00f3n Mu\u00f1oz, L.C., il Presidente del Pontificio Consiglio per la Promozione della Nuova Evangelizzazione, S.E.R. Mons. Rino Fisichella, il Prof. Avv. Emmanuele F.M. Emanuele, Presidente della Fondazione Terzo Pilastro \u2013 Internazionale e il Professore Benedetto Farina, Ordinario di Psicologia Clinica.<\/p>\r\n\r\n\r\n\r\n<p>\u201cNella costruzione del futuro di un paese, giocano un ruolo fondamentale le Universit\u00e0 come luoghi dove si guarda al futuro con serenit\u00e0 e fiducia, e con il desiderio di dare ognuno il meglio di s\u00e9 per poter formare una comunit\u00e0 umana dove possa regnare la giustizia e la pace ad ampio raggio: pace tra i popoli, pace con il creato, pace con s\u00e9 stessi. Le Universit\u00e0, pur in un mondo cos\u00ec mutevole, continuano ad essere luogo privilegiato di metabolizzazione delle grandi sfide del futuro e dove, in un certo senso, si possono anticipare le soluzioni.<\/p>\r\n\r\n\r\n\r\n<p>Ma per realizzare questo compito, sono necessari un atteggiamento fondamentale di fiducia \u2013 che talvolta si deve recuperare superando le paure \u2013 e un alto senso di responsabilit\u00e0 condivisa, perch\u00e9 tutti siamo chiamati a dare una risposta libera, consapevole e fattiva di un impegno sereno e sincero, nelle proprie capacit\u00e0 e competenze, per costruire una societ\u00e0 pi\u00f9 umana, dove sia possibile, malgrado i diversi problemi strutturali e congiunturali, guardare al futuro con speranza.\u201c Ha dichiarato il Magnifico Rettore Prof. Padre Pedro Barraj\u00f3n, L.C. .<\/p>\r\n\r\n\r\n\r\n<p><strong>\u201c<\/strong>In particolare, con il suo fondamentale supporto, la Congregazione ha finalmente reso possibile, nel settembre 2019, l\u2019inaugurazione ed il lancio ufficiale della Residenza UER, nell\u2019ottica di un progetto pi\u00f9 ampio di potenziamento dei servizi del Campus Universitario, a beneficio soprattutto degli studenti fuori sede.<\/p>\r\n\r\n\r\n\r\n<p>La Residenza UER, che si trova a pochi passi dall\u2019Universit\u00e0 ed \u00e8 immersa in ampi spazi verdi, \u00e8 in grado di ospitare fino a cento studenti fuori sede, offrendo loro non solo i pi\u00f9 moderni servizi e tutte le comodit\u00e0, ma anche seminari e programmi di formazione ed accompagnamento personale, grazie ad un\u2019equipe di formatori sempre disponibili. La Residenza UER diventa cos\u00ec, anche un\u00a0ambito privilegiato per la formazione integrale degli studenti\u00a0che vi risiedono, in piena continuit\u00e0 con il progetto di formazione integrale del nostro Ateneo. Diventare protagonisti del bene comune \u00e8 uno dei compiti che i singoli e le istituzioni dovrebbero proporsi per vincere ci\u00f2 che potrebbe essere una delle grandi tentazioni di oggi: l\u2019indifferenza. Per questo \u00e8 quanto mai necessario continuare lo sforzo di coltivare il senso di una comunit\u00e0 universitaria che guarda il futuro con fiducia, con una forte consapevolezza delle radici e una realistica percezione del presente<sup><strong>[<\/strong><\/sup><sup><strong>1<\/strong><\/sup><sup><strong>]<\/strong><\/sup>. In questo senso anche noi, come Universit\u00e0 Europea, cerchiamo di continuare la nostra strada facendo memoria grata del passato, vivendo con passione il presente e aprendoci con fiducia al futuro<sup><strong>[2]<\/strong><\/sup>. Siamo consapevoli che in questo cammino, sorretti da grandi ideali formativi e con la forza di una comunit\u00e0 vivente di docenti, studenti e personale tecnico-amministrativo, potremmo dare il nostro contributo al bene comune, non solo come osservatori attenti, ma, soprattutto, come protagonisti della costruzione di un futuro che, se ci presenta grandi sfide, ci offre anche la possibilit\u00e0 di grandi realizzazioni.\u201d<\/p>\r\n\r\n\r\n\r\n<p>Il bilancio tratteggiato dal Rettore \u00e8 d\u2019altronde molto positivo: nel 2019 Universit\u00e0 Europea di Roma ha superato i 1.500 studenti, crescendo del 25% nell\u2019ultimo anno e posizionandosi prima a Roma tra le piccole universit\u00e0 non statali nella classifica Censis 2019 della Universit\u00e0 Italiane.<\/p>\r\n\r\n\r\n\r\n<p>\u00c8 quindi intervenuto Il Presidente del Pontificio Consiglio per la Promozione della Nuova Evangelizzazione, S.E.R. Mons. Rino Fisichella che ha dichiarato: \u201cLa cultura digitale si presenta con alcune caratteristiche che meritano di essere analizzate. A differenza del processo culturale come conosciuto sinora,\u00a0 la cultura digitale\u00a0 si afferma come un fenomeno globale e globalizzante. Si introduce l\u2019hic et nunc dell\u2019immediato; il linguaggio appare pi\u00f9 sintetico, disintermediato, essenziale, spesso riassunto in un\u2019immagine che esprime l\u2019emozione del momento ed \u00e8 compreso intuitivamente.<\/p>\r\n\r\n\r\n\r\n<p>La tecnologia digitale aiuta la memoria, permette l\u2019archiviazione dei dati aiutando la vita sociale e personale. Assistiamo cos\u00ec ad un vera e propria trasformazione antropologica. Per la Chiesa si apre una nuova fase di evangelizzazione, ed \u00e8 una sfida da non perdere. La vera domanda non \u00e8 come utilizzare le nuove tecnologie per la formazione, ma come diventare presenza formativa nel continente digitale.<\/p>\r\n\r\n\r\n\r\n<p>Quanto mai attuale e dibattuto, per quanto non regolamentato, il mondo di Internet si impone nelle vite dei giovani. Diversi i punti di vista esposti dai relatori all\u2019evento che hanno generato un interessante e costruttivo dibatto; il Prof. Avv. Emmanuele F.M. Emanuele, Presidente della Fondazione Terzo Pilastro- Internazionale ha affermato: \u201cL\u2019uomo sta oggi vivendo la rivoluzione digitale strettamente connessa al progresso tecnologico, alla comparsa di internet, della connessione globale, nonch\u00e9 all\u2019espansione vertiginosa della robotica e dell\u2019intelligenza artificiale.<\/p>\r\n\r\n\r\n\r\n<p>Di fronte a tale sfida, che sta provocando un mutamento persino antropologico e che interessa trasversalmente ogni settore \u2013 provocando comprensibili timori ed incertezze cos\u00ec come accaduto in occasione dei precedenti mutamenti epocali che hanno coinvolto il nostro mondo \u2013 ritengo che occorra essere fondamentalmente ottimisti nelle capacit\u00e0 dell\u2019uomo di adattarsi e di governare il fenomeno in questione.<\/p>\r\n\r\n\r\n\r\n<p>Un fenomeno che\u00a0 trae da esso tutte le opportunit\u00e0 di maggior benessere e di sviluppo che senza dubbio\u00a0 offre, pur tenendo sempre fissi due\u00a0 principi inderogabili : la tutela della dignit\u00e0 e l\u2019integrit\u00e0 dell\u2019uomo, intese nel senso pi\u00f9 completo e profondo.<\/p>\r\n\r\n\r\n\r\n<p>Per affrontare con determinazione e responsabilit\u00e0 questa sfida cruciale, occorre partire dalla formazione e dalla competenza e, per questo, sono convinto che sia imprescindibile garantire il massimo dell\u2019impegno, ad ogni livello, pubblico e privato, nell\u2019obiettivo di offrire alle nuove generazioni gli strumenti culturali e formativi necessari per gareggiare su questo difficile terreno.<\/p>\r\n\r\n\r\n\r\n<p>Nel fornire alle nuove generazioni gli opportuni strumenti conoscitivi, professionali, scientifici\u00a0 e culturali, resta a mio giudizio fermo ed imprescindibile che la dimensione etica e spirituale dell\u2019uomo \u2013 il quale deve rimanere sempre e comunque il soggetto che governa, in piena autonomia dalla macchina, i processi di elaborazione tecnologica, nonch\u00e9 quelli di applicazione nei diversi ambiti \u2013 non devono essere in alcun modo\u00a0 trascurati, n\u00e9 dati per scontati, bens\u00ec debbono costituire il criterio indefettibile e non negoziabile di ogni percorso formativo.<\/p>\r\n\r\n\r\n\r\n<p>La Fondazione Terzo Pilastro \u2013 Internazionale\u00a0 \u2013 che ho l\u2019onore di presiedere \u2013 ha gi\u00e0 aperto la strada in questa direzione, creando, su mia precisa iniziativa e per i motivi sopra esposti, il primo Master in Italia in Intelligenza Artificiale, profili giuridici ed etico-antropologici proprio in collaborazione con questa Universit\u00e0, che spicca nel panorama nazionale per le brillanti intuizioni di carattere didattico e scientifico che le sono proprie nonch\u00e9 per le peculiari sensibilit\u00e0 sociali che la caratterizzano rispetto ad altri Atenei\u201d.<\/p>\r\n\r\n\r\n\r\n<p>Il Prof. Benedetto Farina, medico e psichiatra, Ordinario di Psicologia Clinica presso l\u2019Universit\u00e0 Europea di Roma,\u00a0ha concluso la cerimonia presentando una relazione sull\u2019impatto della rivoluzione digitale e denunciando il fenomeno dello sviluppo di un sistema di sapere \u201cfai-da-te\u201d in cui si \u00e8 indebolita, talvolta fino quasi a sparire, qualsiasi forma di mediazione culturale, quella esercitata dagli insegnanti, professori, dagli editori, dai giornalisti, dagli studiosi.<\/p>\r\n\r\n\r\n\r\n<p>[1] Papa Francesco,\u00a0<em>Discorso ai docenti e agli studenti della Libera Universit\u00e0 Maria Santissima Assunta (LUMSA)<\/em>, 14 novembre, 2019.<br \/>[2] Cf. San Giovanni Paolo II,\u00a0<em>Terzo Millennio Inneunte<\/em>, 6 gennaio, 2000, n. 1.<\/p>\r\n","protected":false},"excerpt":{"rendered":"<p>Alla Cerimonia di inaugurazione dell\u2019anno accademico 2019 \u2013 2020 dell\u2019universit\u00e0 Europea di Roma, che ha avuto luogo il 20 febbraio scorso e che aveva per tema \u201cI Giovani nell\u2019Era Digitale\u201d, sono intervenuti come relatori Il Magnifico Rettore Prof. Padre Pedro Barraj\u00f3n Mu\u00f1oz, L.C., il Presidente del Pontificio Consiglio per la Promozione della Nuova Evangelizzazione, S.E.R&#8230;.<\/p>","protected":false},"author":1,"featured_media":16917,"comment_status":"closed","ping_status":"open","sticky":false,"template":"","format":"standard","meta":{"footnotes":""},"categories":[6],"tags":[],"class_list":["post-16914","post","type-post","status-publish","format-standard","has-post-thumbnail","hentry","category-notizie"],"yoast_head":"<!-- This site is optimized with the Yoast SEO plugin v27.7 - https:\/\/yoast.com\/product\/yoast-seo-wordpress\/ -->\n<title>\u201cI giovani nell\u2019era digitale\u201d all\u2019Universit\u00e0 Europea di Roma - Fondazione Terzo Pilastro Internazionale<\/title>\n<meta name=\"robots\" content=\"index, follow, max-snippet:-1, max-image-preview:large, max-video-preview:-1\" \/>\n<link rel=\"canonical\" href=\"https:\/\/www.fondazioneterzopilastrointernazionale.it\/en\/2020\/02\/18\/i-giovani-nellera-digitale-alluniversita-europea-di-roma\/\" \/>\n<meta property=\"og:locale\" content=\"en_GB\" \/>\n<meta property=\"og:type\" content=\"article\" \/>\n<meta property=\"og:title\" content=\"\u201cI giovani nell\u2019era digitale\u201d all\u2019Universit\u00e0 Europea di Roma - Fondazione Terzo Pilastro Internazionale\" \/>\n<meta property=\"og:description\" content=\"Alla Cerimonia di inaugurazione dell\u2019anno accademico 2019 \u2013 2020 dell\u2019universit\u00e0 Europea di Roma, che ha avuto luogo il 20 febbraio scorso e che aveva per tema \u201cI Giovani nell\u2019Era Digitale\u201d, sono intervenuti come relatori Il Magnifico Rettore Prof. Padre Pedro Barraj\u00f3n Mu\u00f1oz, L.C., il Presidente del Pontificio Consiglio per la Promozione della Nuova Evangelizzazione, S.E.R....\" \/>\n<meta property=\"og:url\" content=\"https:\/\/www.fondazioneterzopilastrointernazionale.it\/en\/2020\/02\/18\/i-giovani-nellera-digitale-alluniversita-europea-di-roma\/\" \/>\n<meta property=\"og:site_name\" content=\"Fondazione Terzo Pilastro Internazionale\" \/>\n<meta property=\"article:published_time\" content=\"2020-02-18T13:26:33+00:00\" \/>\n<meta property=\"article:modified_time\" content=\"2021-02-18T13:30:28+00:00\" \/>\n<meta property=\"og:image\" content=\"http:\/\/www.fondazioneterzopilastrointernazionale.it\/wp-content\/uploads\/2020\/02\/john-mark-smith-IS7WfX_f_ug-unsplash.jpg\" \/>\n\t<meta property=\"og:image:width\" content=\"640\" \/>\n\t<meta property=\"og:image:height\" content=\"427\" \/>\n\t<meta property=\"og:image:type\" content=\"image\/jpeg\" \/>\n<meta name=\"author\" content=\"admin\" \/>\n<meta name=\"twitter:card\" content=\"summary_large_image\" \/>\n<meta name=\"twitter:label1\" content=\"Written by\" \/>\n\t<meta name=\"twitter:data1\" content=\"admin\" \/>\n\t<meta name=\"twitter:label2\" content=\"Estimated reading time\" \/>\n\t<meta name=\"twitter:data2\" content=\"6 minutes\" \/>\n<script type=\"application\/ld+json\" class=\"yoast-schema-graph\">{\"@context\":\"https:\\\/\\\/schema.org\",\"@graph\":[{\"@type\":\"Article\",\"@id\":\"https:\\\/\\\/www.fondazioneterzopilastrointernazionale.it\\\/2020\\\/02\\\/18\\\/i-giovani-nellera-digitale-alluniversita-europea-di-roma\\\/#article\",\"isPartOf\":{\"@id\":\"https:\\\/\\\/www.fondazioneterzopilastrointernazionale.it\\\/2020\\\/02\\\/18\\\/i-giovani-nellera-digitale-alluniversita-europea-di-roma\\\/\"},\"author\":{\"name\":\"admin\",\"@id\":\"https:\\\/\\\/www.fondazioneterzopilastrointernazionale.it\\\/#\\\/schema\\\/person\\\/dd47e461f11bbd1b44e9f61db552e3fb\"},\"headline\":\"\u201cI giovani nell\u2019era digitale\u201d all\u2019Universit\u00e0 Europea di Roma\",\"datePublished\":\"2020-02-18T13:26:33+00:00\",\"dateModified\":\"2021-02-18T13:30:28+00:00\",\"mainEntityOfPage\":{\"@id\":\"https:\\\/\\\/www.fondazioneterzopilastrointernazionale.it\\\/2020\\\/02\\\/18\\\/i-giovani-nellera-digitale-alluniversita-europea-di-roma\\\/\"},\"wordCount\":1230,\"image\":{\"@id\":\"https:\\\/\\\/www.fondazioneterzopilastrointernazionale.it\\\/2020\\\/02\\\/18\\\/i-giovani-nellera-digitale-alluniversita-europea-di-roma\\\/#primaryimage\"},\"thumbnailUrl\":\"https:\\\/\\\/www.fondazioneterzopilastrointernazionale.it\\\/wp-content\\\/uploads\\\/2020\\\/02\\\/john-mark-smith-IS7WfX_f_ug-unsplash.jpg\",\"articleSection\":[\"Notizie\"],\"inLanguage\":\"en-GB\"},{\"@type\":\"WebPage\",\"@id\":\"https:\\\/\\\/www.fondazioneterzopilastrointernazionale.it\\\/2020\\\/02\\\/18\\\/i-giovani-nellera-digitale-alluniversita-europea-di-roma\\\/\",\"url\":\"https:\\\/\\\/www.fondazioneterzopilastrointernazionale.it\\\/2020\\\/02\\\/18\\\/i-giovani-nellera-digitale-alluniversita-europea-di-roma\\\/\",\"name\":\"\u201cI giovani nell\u2019era digitale\u201d all\u2019Universit\u00e0 Europea di Roma - Fondazione Terzo Pilastro Internazionale\",\"isPartOf\":{\"@id\":\"https:\\\/\\\/www.fondazioneterzopilastrointernazionale.it\\\/#website\"},\"primaryImageOfPage\":{\"@id\":\"https:\\\/\\\/www.fondazioneterzopilastrointernazionale.it\\\/2020\\\/02\\\/18\\\/i-giovani-nellera-digitale-alluniversita-europea-di-roma\\\/#primaryimage\"},\"image\":{\"@id\":\"https:\\\/\\\/www.fondazioneterzopilastrointernazionale.it\\\/2020\\\/02\\\/18\\\/i-giovani-nellera-digitale-alluniversita-europea-di-roma\\\/#primaryimage\"},\"thumbnailUrl\":\"https:\\\/\\\/www.fondazioneterzopilastrointernazionale.it\\\/wp-content\\\/uploads\\\/2020\\\/02\\\/john-mark-smith-IS7WfX_f_ug-unsplash.jpg\",\"datePublished\":\"2020-02-18T13:26:33+00:00\",\"dateModified\":\"2021-02-18T13:30:28+00:00\",\"author\":{\"@id\":\"https:\\\/\\\/www.fondazioneterzopilastrointernazionale.it\\\/#\\\/schema\\\/person\\\/dd47e461f11bbd1b44e9f61db552e3fb\"},\"breadcrumb\":{\"@id\":\"https:\\\/\\\/www.fondazioneterzopilastrointernazionale.it\\\/2020\\\/02\\\/18\\\/i-giovani-nellera-digitale-alluniversita-europea-di-roma\\\/#breadcrumb\"},\"inLanguage\":\"en-GB\",\"potentialAction\":[{\"@type\":\"ReadAction\",\"target\":[\"https:\\\/\\\/www.fondazioneterzopilastrointernazionale.it\\\/2020\\\/02\\\/18\\\/i-giovani-nellera-digitale-alluniversita-europea-di-roma\\\/\"]}]},{\"@type\":\"ImageObject\",\"inLanguage\":\"en-GB\",\"@id\":\"https:\\\/\\\/www.fondazioneterzopilastrointernazionale.it\\\/2020\\\/02\\\/18\\\/i-giovani-nellera-digitale-alluniversita-europea-di-roma\\\/#primaryimage\",\"url\":\"https:\\\/\\\/www.fondazioneterzopilastrointernazionale.it\\\/wp-content\\\/uploads\\\/2020\\\/02\\\/john-mark-smith-IS7WfX_f_ug-unsplash.jpg\",\"contentUrl\":\"https:\\\/\\\/www.fondazioneterzopilastrointernazionale.it\\\/wp-content\\\/uploads\\\/2020\\\/02\\\/john-mark-smith-IS7WfX_f_ug-unsplash.jpg\",\"width\":640,\"height\":427},{\"@type\":\"BreadcrumbList\",\"@id\":\"https:\\\/\\\/www.fondazioneterzopilastrointernazionale.it\\\/2020\\\/02\\\/18\\\/i-giovani-nellera-digitale-alluniversita-europea-di-roma\\\/#breadcrumb\",\"itemListElement\":[{\"@type\":\"ListItem\",\"position\":1,\"name\":\"Home\",\"item\":\"https:\\\/\\\/www.fondazioneterzopilastrointernazionale.it\\\/\"},{\"@type\":\"ListItem\",\"position\":2,\"name\":\"\u201cI giovani nell\u2019era digitale\u201d all\u2019Universit\u00e0 Europea di Roma\"}]},{\"@type\":\"WebSite\",\"@id\":\"https:\\\/\\\/www.fondazioneterzopilastrointernazionale.it\\\/#website\",\"url\":\"https:\\\/\\\/www.fondazioneterzopilastrointernazionale.it\\\/\",\"name\":\"Fondazione Terzo Pilastro Internazionale\",\"description\":\"Fondazione Terzo Pilastro Internazionale\",\"potentialAction\":[{\"@type\":\"SearchAction\",\"target\":{\"@type\":\"EntryPoint\",\"urlTemplate\":\"https:\\\/\\\/www.fondazioneterzopilastrointernazionale.it\\\/?s={search_term_string}\"},\"query-input\":{\"@type\":\"PropertyValueSpecification\",\"valueRequired\":true,\"valueName\":\"search_term_string\"}}],\"inLanguage\":\"en-GB\"},{\"@type\":\"Person\",\"@id\":\"https:\\\/\\\/www.fondazioneterzopilastrointernazionale.it\\\/#\\\/schema\\\/person\\\/dd47e461f11bbd1b44e9f61db552e3fb\",\"name\":\"admin\",\"image\":{\"@type\":\"ImageObject\",\"inLanguage\":\"en-GB\",\"@id\":\"https:\\\/\\\/secure.gravatar.com\\\/avatar\\\/8d8385fa0eb41c29d0237fc6b447c50d8500a51d9982e9c8b6e3821b992bbcca?s=96&d=mm&r=g\",\"url\":\"https:\\\/\\\/secure.gravatar.com\\\/avatar\\\/8d8385fa0eb41c29d0237fc6b447c50d8500a51d9982e9c8b6e3821b992bbcca?s=96&d=mm&r=g\",\"contentUrl\":\"https:\\\/\\\/secure.gravatar.com\\\/avatar\\\/8d8385fa0eb41c29d0237fc6b447c50d8500a51d9982e9c8b6e3821b992bbcca?s=96&d=mm&r=g\",\"caption\":\"admin\"},\"url\":\"https:\\\/\\\/www.fondazioneterzopilastrointernazionale.it\\\/en\\\/author\\\/admin\\\/\"}]}<\/script>\n<!-- \/ Yoast SEO plugin. -->","yoast_head_json":{"title":"\u201cI giovani nell\u2019era digitale\u201d all\u2019Universit\u00e0 Europea di Roma - Fondazione Terzo Pilastro Internazionale","robots":{"index":"index","follow":"follow","max-snippet":"max-snippet:-1","max-image-preview":"max-image-preview:large","max-video-preview":"max-video-preview:-1"},"canonical":"https:\/\/www.fondazioneterzopilastrointernazionale.it\/en\/2020\/02\/18\/i-giovani-nellera-digitale-alluniversita-europea-di-roma\/","og_locale":"en_GB","og_type":"article","og_title":"\u201cI giovani nell\u2019era digitale\u201d all\u2019Universit\u00e0 Europea di Roma - Fondazione Terzo Pilastro Internazionale","og_description":"Alla Cerimonia di inaugurazione dell\u2019anno accademico 2019 \u2013 2020 dell\u2019universit\u00e0 Europea di Roma, che ha avuto luogo il 20 febbraio scorso e che aveva per tema \u201cI Giovani nell\u2019Era Digitale\u201d, sono intervenuti come relatori Il Magnifico Rettore Prof. Padre Pedro Barraj\u00f3n Mu\u00f1oz, L.C., il Presidente del Pontificio Consiglio per la Promozione della Nuova Evangelizzazione, S.E.R....","og_url":"https:\/\/www.fondazioneterzopilastrointernazionale.it\/en\/2020\/02\/18\/i-giovani-nellera-digitale-alluniversita-europea-di-roma\/","og_site_name":"Fondazione Terzo Pilastro Internazionale","article_published_time":"2020-02-18T13:26:33+00:00","article_modified_time":"2021-02-18T13:30:28+00:00","og_image":[{"width":640,"height":427,"url":"http:\/\/www.fondazioneterzopilastrointernazionale.it\/wp-content\/uploads\/2020\/02\/john-mark-smith-IS7WfX_f_ug-unsplash.jpg","type":"image\/jpeg"}],"author":"admin","twitter_card":"summary_large_image","twitter_misc":{"Written by":"admin","Estimated reading time":"6 minutes"},"schema":{"@context":"https:\/\/schema.org","@graph":[{"@type":"Article","@id":"https:\/\/www.fondazioneterzopilastrointernazionale.it\/2020\/02\/18\/i-giovani-nellera-digitale-alluniversita-europea-di-roma\/#article","isPartOf":{"@id":"https:\/\/www.fondazioneterzopilastrointernazionale.it\/2020\/02\/18\/i-giovani-nellera-digitale-alluniversita-europea-di-roma\/"},"author":{"name":"admin","@id":"https:\/\/www.fondazioneterzopilastrointernazionale.it\/#\/schema\/person\/dd47e461f11bbd1b44e9f61db552e3fb"},"headline":"\u201cI giovani nell\u2019era digitale\u201d all\u2019Universit\u00e0 Europea di Roma","datePublished":"2020-02-18T13:26:33+00:00","dateModified":"2021-02-18T13:30:28+00:00","mainEntityOfPage":{"@id":"https:\/\/www.fondazioneterzopilastrointernazionale.it\/2020\/02\/18\/i-giovani-nellera-digitale-alluniversita-europea-di-roma\/"},"wordCount":1230,"image":{"@id":"https:\/\/www.fondazioneterzopilastrointernazionale.it\/2020\/02\/18\/i-giovani-nellera-digitale-alluniversita-europea-di-roma\/#primaryimage"},"thumbnailUrl":"https:\/\/www.fondazioneterzopilastrointernazionale.it\/wp-content\/uploads\/2020\/02\/john-mark-smith-IS7WfX_f_ug-unsplash.jpg","articleSection":["Notizie"],"inLanguage":"en-GB"},{"@type":"WebPage","@id":"https:\/\/www.fondazioneterzopilastrointernazionale.it\/2020\/02\/18\/i-giovani-nellera-digitale-alluniversita-europea-di-roma\/","url":"https:\/\/www.fondazioneterzopilastrointernazionale.it\/2020\/02\/18\/i-giovani-nellera-digitale-alluniversita-europea-di-roma\/","name":"\u201cI giovani nell\u2019era digitale\u201d all\u2019Universit\u00e0 Europea di Roma - Fondazione Terzo Pilastro Internazionale","isPartOf":{"@id":"https:\/\/www.fondazioneterzopilastrointernazionale.it\/#website"},"primaryImageOfPage":{"@id":"https:\/\/www.fondazioneterzopilastrointernazionale.it\/2020\/02\/18\/i-giovani-nellera-digitale-alluniversita-europea-di-roma\/#primaryimage"},"image":{"@id":"https:\/\/www.fondazioneterzopilastrointernazionale.it\/2020\/02\/18\/i-giovani-nellera-digitale-alluniversita-europea-di-roma\/#primaryimage"},"thumbnailUrl":"https:\/\/www.fondazioneterzopilastrointernazionale.it\/wp-content\/uploads\/2020\/02\/john-mark-smith-IS7WfX_f_ug-unsplash.jpg","datePublished":"2020-02-18T13:26:33+00:00","dateModified":"2021-02-18T13:30:28+00:00","author":{"@id":"https:\/\/www.fondazioneterzopilastrointernazionale.it\/#\/schema\/person\/dd47e461f11bbd1b44e9f61db552e3fb"},"breadcrumb":{"@id":"https:\/\/www.fondazioneterzopilastrointernazionale.it\/2020\/02\/18\/i-giovani-nellera-digitale-alluniversita-europea-di-roma\/#breadcrumb"},"inLanguage":"en-GB","potentialAction":[{"@type":"ReadAction","target":["https:\/\/www.fondazioneterzopilastrointernazionale.it\/2020\/02\/18\/i-giovani-nellera-digitale-alluniversita-europea-di-roma\/"]}]},{"@type":"ImageObject","inLanguage":"en-GB","@id":"https:\/\/www.fondazioneterzopilastrointernazionale.it\/2020\/02\/18\/i-giovani-nellera-digitale-alluniversita-europea-di-roma\/#primaryimage","url":"https:\/\/www.fondazioneterzopilastrointernazionale.it\/wp-content\/uploads\/2020\/02\/john-mark-smith-IS7WfX_f_ug-unsplash.jpg","contentUrl":"https:\/\/www.fondazioneterzopilastrointernazionale.it\/wp-content\/uploads\/2020\/02\/john-mark-smith-IS7WfX_f_ug-unsplash.jpg","width":640,"height":427},{"@type":"BreadcrumbList","@id":"https:\/\/www.fondazioneterzopilastrointernazionale.it\/2020\/02\/18\/i-giovani-nellera-digitale-alluniversita-europea-di-roma\/#breadcrumb","itemListElement":[{"@type":"ListItem","position":1,"name":"Home","item":"https:\/\/www.fondazioneterzopilastrointernazionale.it\/"},{"@type":"ListItem","position":2,"name":"\u201cI giovani nell\u2019era digitale\u201d all\u2019Universit\u00e0 Europea di Roma"}]},{"@type":"WebSite","@id":"https:\/\/www.fondazioneterzopilastrointernazionale.it\/#website","url":"https:\/\/www.fondazioneterzopilastrointernazionale.it\/","name":"Fondazione Terzo Pilastro Internazionale","description":"Fondazione Terzo Pilastro Internazionale","potentialAction":[{"@type":"SearchAction","target":{"@type":"EntryPoint","urlTemplate":"https:\/\/www.fondazioneterzopilastrointernazionale.it\/?s={search_term_string}"},"query-input":{"@type":"PropertyValueSpecification","valueRequired":true,"valueName":"search_term_string"}}],"inLanguage":"en-GB"},{"@type":"Person","@id":"https:\/\/www.fondazioneterzopilastrointernazionale.it\/#\/schema\/person\/dd47e461f11bbd1b44e9f61db552e3fb","name":"admin","image":{"@type":"ImageObject","inLanguage":"en-GB","@id":"https:\/\/secure.gravatar.com\/avatar\/8d8385fa0eb41c29d0237fc6b447c50d8500a51d9982e9c8b6e3821b992bbcca?s=96&d=mm&r=g","url":"https:\/\/secure.gravatar.com\/avatar\/8d8385fa0eb41c29d0237fc6b447c50d8500a51d9982e9c8b6e3821b992bbcca?s=96&d=mm&r=g","contentUrl":"https:\/\/secure.gravatar.com\/avatar\/8d8385fa0eb41c29d0237fc6b447c50d8500a51d9982e9c8b6e3821b992bbcca?s=96&d=mm&r=g","caption":"admin"},"url":"https:\/\/www.fondazioneterzopilastrointernazionale.it\/en\/author\/admin\/"}]}},"_links":{"self":[{"href":"https:\/\/www.fondazioneterzopilastrointernazionale.it\/en\/wp-json\/wp\/v2\/posts\/16914","targetHints":{"allow":["GET"]}}],"collection":[{"href":"https:\/\/www.fondazioneterzopilastrointernazionale.it\/en\/wp-json\/wp\/v2\/posts"}],"about":[{"href":"https:\/\/www.fondazioneterzopilastrointernazionale.it\/en\/wp-json\/wp\/v2\/types\/post"}],"author":[{"embeddable":true,"href":"https:\/\/www.fondazioneterzopilastrointernazionale.it\/en\/wp-json\/wp\/v2\/users\/1"}],"replies":[{"embeddable":true,"href":"https:\/\/www.fondazioneterzopilastrointernazionale.it\/en\/wp-json\/wp\/v2\/comments?post=16914"}],"version-history":[{"count":2,"href":"https:\/\/www.fondazioneterzopilastrointernazionale.it\/en\/wp-json\/wp\/v2\/posts\/16914\/revisions"}],"predecessor-version":[{"id":16918,"href":"https:\/\/www.fondazioneterzopilastrointernazionale.it\/en\/wp-json\/wp\/v2\/posts\/16914\/revisions\/16918"}],"wp:featuredmedia":[{"embeddable":true,"href":"https:\/\/www.fondazioneterzopilastrointernazionale.it\/en\/wp-json\/wp\/v2\/media\/16917"}],"wp:attachment":[{"href":"https:\/\/www.fondazioneterzopilastrointernazionale.it\/en\/wp-json\/wp\/v2\/media?parent=16914"}],"wp:term":[{"taxonomy":"category","embeddable":true,"href":"https:\/\/www.fondazioneterzopilastrointernazionale.it\/en\/wp-json\/wp\/v2\/categories?post=16914"},{"taxonomy":"post_tag","embeddable":true,"href":"https:\/\/www.fondazioneterzopilastrointernazionale.it\/en\/wp-json\/wp\/v2\/tags?post=16914"}],"curies":[{"name":"wp","href":"https:\/\/api.w.org\/{rel}","templated":true}]}}